{"id":10259,"date":"2026-02-07T07:50:29","date_gmt":"2026-02-07T10:50:29","guid":{"rendered":"https:\/\/marcoslimma.com.br\/?p=10259"},"modified":"2026-02-07T07:50:29","modified_gmt":"2026-02-07T10:50:29","slug":"prefeitura-de-pedreiras-entrega-portarias-de-aposentadorias-a-servidores-municipais","status":"publish","type":"post","link":"https:\/\/marcoslimma.com.br\/index.php\/2026\/02\/07\/prefeitura-de-pedreiras-entrega-portarias-de-aposentadorias-a-servidores-municipais\/","title":{"rendered":"Prefeitura de Pedreiras entrega portarias de aposentadorias a servidores municipais."},"content":{"rendered":"<p><img loading=\"lazy\" decoding=\"async\" class=\"alignnone size-large wp-image-10260\" src=\"https:\/\/marcoslimma.com.br\/wp-content\/uploads\/2026\/02\/84fae7a0-9539-447f-96b1-17a3691724b5-1024x1024.jpeg\" alt=\"\" width=\"1024\" height=\"1024\" srcset=\"https:\/\/marcoslimma.com.br\/wp-content\/uploads\/2026\/02\/84fae7a0-9539-447f-96b1-17a3691724b5-1024x1024.jpeg 1024w, https:\/\/marcoslimma.com.br\/wp-content\/uploads\/2026\/02\/84fae7a0-9539-447f-96b1-17a3691724b5-300x300.jpeg 300w, https:\/\/marcoslimma.com.br\/wp-content\/uploads\/2026\/02\/84fae7a0-9539-447f-96b1-17a3691724b5-150x150.jpeg 150w, https:\/\/marcoslimma.com.br\/wp-content\/uploads\/2026\/02\/84fae7a0-9539-447f-96b1-17a3691724b5-768x768.jpeg 768w, https:\/\/marcoslimma.com.br\/wp-content\/uploads\/2026\/02\/84fae7a0-9539-447f-96b1-17a3691724b5.jpeg 1280w\" sizes=\"auto, (max-width: 1024px) 100vw, 1024px\" \/><\/p>\n<p>&nbsp;<\/p>\n<p>Na manh\u00e3 de ontem sexta-feira (6) foi especial para cerca de 30 servidores que receberam, em solenidade realizada na sala de reuni\u00e3o do <strong>Pal\u00e1cio Municipal<\/strong>, sede da <strong>Prefeitura de Pedreira<\/strong>s, portarias referentes a aposentadorias concedidas por meio do<strong> Instituto Municipal de Previd\u00eancia de Pedreiras (IMPP).<\/strong><\/p>\n<p>A entrega das portarias foi conduzida pelo presidente do <strong>Instituto Municipal de Previd\u00eancia de Pedreiras<\/strong>, o advogado <strong>Talyson Medeiros,<\/strong> e a participa\u00e7\u00e3o dos secret\u00e1rios de governo, <strong>Chico da TV<\/strong>, da educa\u00e7\u00e3o <strong>David Ximenes<\/strong>, da fazenda<strong> Pedro Thiago<\/strong>,o procurador municipal o advogado<strong> S\u00e9rgio Benigno<\/strong> e o secret\u00e1rio de finan\u00e7as<strong> Dami\u00e3o Felipe<\/strong>.<\/p>\n<p>Durante sua fala, o presidente do IMPP ressaltou a import\u00e2ncia do Instituto Municipal de Previd\u00eancia, que assegura os direitos de cada servidor ao t\u00e9rmino de suas fun\u00e7\u00f5es, e acrescentou: &#8220;\u00c9 um momento de agradecer ao servidor, que trabalhou durante todo esse tempo para a Prefeitura e, principalmente, para o cidad\u00e3o pedreirense, no atendimento \u00e0s diversas secretarias e unidades do nosso munic\u00edpio.<\/p>\n<p>A Prefeitura reafirma o compromisso nos repasses em dia para o Instituto, de forma rigorosa, para garantir a sa\u00fade financeira do Instituto de Previd\u00eancia Municipal&#8221;, pontuou. <strong>&#8220;O Instituto de Previd\u00eancia tamb\u00e9m se regozija com este momento, momento em que a gente s\u00f3 tem uma coisa para fazer: agradecer ao trabalho desses homens e mulheres valorosos, o tempo de trabalho que eles deram n\u00e3o \u00e0 Prefeitura, mas \u00e0 popula\u00e7\u00e3o&#8221;<\/strong>, finalizou o respons\u00e1vel pelo (IMPP).<\/p>\n","protected":false},"excerpt":{"rendered":"<p>&nbsp; Na manh\u00e3 de ontem sexta-feira (6) foi especial para cerca de 30 servidores que receberam, em solenidade realizada na sala de reuni\u00e3o do Pal\u00e1cio Municipal, sede da Prefeitura de Pedreiras, portarias&hellip;<\/p>\n","protected":false},"author":2,"featured_media":10260,"comment_status":"open","ping_status":"open","sticky":false,"template":"","format":"standard","meta":{"footnotes":""},"categories":[1],"tags":[],"class_list":["post-10259","post","type-post","status-publish","format-standard","has-post-thumbnail","hentry","category-ultimas-noticias"],"_links":{"self":[{"href":"https:\/\/marcoslimma.com.br\/index.php\/wp-json\/wp\/v2\/posts\/10259","targetHints":{"allow":["GET"]}}],"collection":[{"href":"https:\/\/marcoslimma.com.br\/index.php\/wp-json\/wp\/v2\/posts"}],"about":[{"href":"https:\/\/marcoslimma.com.br\/index.php\/wp-json\/wp\/v2\/types\/post"}],"author":[{"embeddable":true,"href":"https:\/\/marcoslimma.com.br\/index.php\/wp-json\/wp\/v2\/users\/2"}],"replies":[{"embeddable":true,"href":"https:\/\/marcoslimma.com.br\/index.php\/wp-json\/wp\/v2\/comments?post=10259"}],"version-history":[{"count":1,"href":"https:\/\/marcoslimma.com.br\/index.php\/wp-json\/wp\/v2\/posts\/10259\/revisions"}],"predecessor-version":[{"id":10261,"href":"https:\/\/marcoslimma.com.br\/index.php\/wp-json\/wp\/v2\/posts\/10259\/revisions\/10261"}],"wp:featuredmedia":[{"embeddable":true,"href":"https:\/\/marcoslimma.com.br\/index.php\/wp-json\/wp\/v2\/media\/10260"}],"wp:attachment":[{"href":"https:\/\/marcoslimma.com.br\/index.php\/wp-json\/wp\/v2\/media?parent=10259"}],"wp:term":[{"taxonomy":"category","embeddable":true,"href":"https:\/\/marcoslimma.com.br\/index.php\/wp-json\/wp\/v2\/categories?post=10259"},{"taxonomy":"post_tag","embeddable":true,"href":"https:\/\/marcoslimma.com.br\/index.php\/wp-json\/wp\/v2\/tags?post=10259"}],"curies":[{"name":"wp","href":"https:\/\/api.w.org\/{rel}","templated":true}]}}