{"id":10253,"date":"2026-02-05T13:30:50","date_gmt":"2026-02-05T16:30:50","guid":{"rendered":"https:\/\/marcoslimma.com.br\/?p=10253"},"modified":"2026-02-05T13:30:50","modified_gmt":"2026-02-05T16:30:50","slug":"reservatorio-municipal-chega-a-trizidela-do-vale-e-marca-um-salto-historico-na-seguranca-hidrica","status":"publish","type":"post","link":"https:\/\/marcoslimma.com.br\/index.php\/2026\/02\/05\/reservatorio-municipal-chega-a-trizidela-do-vale-e-marca-um-salto-historico-na-seguranca-hidrica\/","title":{"rendered":"Reservat\u00f3rio Municipal chega a Trizidela do Vale e marca um salto hist\u00f3rico na seguran\u00e7a h\u00eddrica"},"content":{"rendered":"<p><img loading=\"lazy\" decoding=\"async\" class=\"alignnone size-large wp-image-10254\" src=\"https:\/\/marcoslimma.com.br\/wp-content\/uploads\/2026\/02\/50a809bf-2513-42dd-8c65-8d54c20ef8c1-1024x1024.jpeg\" alt=\"\" width=\"1024\" height=\"1024\" srcset=\"https:\/\/marcoslimma.com.br\/wp-content\/uploads\/2026\/02\/50a809bf-2513-42dd-8c65-8d54c20ef8c1-1024x1024.jpeg 1024w, https:\/\/marcoslimma.com.br\/wp-content\/uploads\/2026\/02\/50a809bf-2513-42dd-8c65-8d54c20ef8c1-300x300.jpeg 300w, https:\/\/marcoslimma.com.br\/wp-content\/uploads\/2026\/02\/50a809bf-2513-42dd-8c65-8d54c20ef8c1-150x150.jpeg 150w, https:\/\/marcoslimma.com.br\/wp-content\/uploads\/2026\/02\/50a809bf-2513-42dd-8c65-8d54c20ef8c1-768x768.jpeg 768w, https:\/\/marcoslimma.com.br\/wp-content\/uploads\/2026\/02\/50a809bf-2513-42dd-8c65-8d54c20ef8c1.jpeg 1280w\" sizes=\"auto, (max-width: 1024px) 100vw, 1024px\" \/><\/p>\n<p>&nbsp;<\/p>\n<p>&nbsp;<\/p>\n<p><strong>Trizidela do Vale<\/strong> deu mais um passo decisivo para fortalecer o abastecimento de \u00e1gua do munic\u00edpio com a chegada do novo Reservat\u00f3rio Municipal, que ser\u00e1 instalado entre os loteamentos <strong>Ecoville Passos e S\u00e3o Jos\u00e9<\/strong>. O equipamento, adquirido com recursos p\u00fablicos, integra o conjunto de investimentos da gest\u00e3o municipal voltados \u00e0 amplia\u00e7\u00e3o da seguran\u00e7a h\u00eddrica e \u00e0 melhoria da qualidade de vida da popula\u00e7\u00e3o.<\/p>\n<p>O novo reservat\u00f3rio ser\u00e1 interligado ao sistema da CAEMA, refor\u00e7ando a capacidade de armazenamento e distribui\u00e7\u00e3o de \u00e1gua, especialmente em per\u00edodos de maior demanda. A iniciativa representa um avan\u00e7o estrat\u00e9gico no planejamento urbano do munic\u00edpio, garantindo maior estabilidade no fornecimento e reduzindo os impactos causados por oscila\u00e7\u00f5es no sistema de abastecimento.<\/p>\n<p>Para o prefeito<strong> Deibson Bal\u00e9<\/strong>, a chegada do reservat\u00f3rio simboliza o compromisso da gest\u00e3o com solu\u00e7\u00f5es estruturantes e duradouras. <strong>\u201cEstamos trabalhando com responsabilidade e planejamento para enfrentar um dos maiores desafios hist\u00f3ricos do nosso munic\u00edpio, que \u00e9 a falta d\u2019\u00e1gua. Esse reservat\u00f3rio \u00e9 mais do que uma obra, \u00e9 seguran\u00e7a, dignidade e respeito com a nossa popula\u00e7\u00e3o\u201d<\/strong>, destacou o prefeito.<\/p>\n<p>A implanta\u00e7\u00e3o do Reservat\u00f3rio Municipal refor\u00e7a a pol\u00edtica de investimentos cont\u00ednuos da <strong>Prefeitura de Trizidela do Vale<\/strong> em infraestrutura b\u00e1sica, consolidando a\u00e7\u00f5es que asseguram desenvolvimento, crescimento ordenado e melhores condi\u00e7\u00f5es de vida para os trizidelenses.<\/p>\n","protected":false},"excerpt":{"rendered":"<p>&nbsp; &nbsp; Trizidela do Vale deu mais um passo decisivo para fortalecer o abastecimento de \u00e1gua do munic\u00edpio com a chegada do novo Reservat\u00f3rio Municipal, que ser\u00e1 instalado entre os loteamentos Ecoville&hellip;<\/p>\n","protected":false},"author":2,"featured_media":10254,"comment_status":"open","ping_status":"open","sticky":false,"template":"","format":"standard","meta":{"footnotes":""},"categories":[1],"tags":[],"class_list":["post-10253","post","type-post","status-publish","format-standard","has-post-thumbnail","hentry","category-ultimas-noticias"],"_links":{"self":[{"href":"https:\/\/marcoslimma.com.br\/index.php\/wp-json\/wp\/v2\/posts\/10253","targetHints":{"allow":["GET"]}}],"collection":[{"href":"https:\/\/marcoslimma.com.br\/index.php\/wp-json\/wp\/v2\/posts"}],"about":[{"href":"https:\/\/marcoslimma.com.br\/index.php\/wp-json\/wp\/v2\/types\/post"}],"author":[{"embeddable":true,"href":"https:\/\/marcoslimma.com.br\/index.php\/wp-json\/wp\/v2\/users\/2"}],"replies":[{"embeddable":true,"href":"https:\/\/marcoslimma.com.br\/index.php\/wp-json\/wp\/v2\/comments?post=10253"}],"version-history":[{"count":1,"href":"https:\/\/marcoslimma.com.br\/index.php\/wp-json\/wp\/v2\/posts\/10253\/revisions"}],"predecessor-version":[{"id":10255,"href":"https:\/\/marcoslimma.com.br\/index.php\/wp-json\/wp\/v2\/posts\/10253\/revisions\/10255"}],"wp:featuredmedia":[{"embeddable":true,"href":"https:\/\/marcoslimma.com.br\/index.php\/wp-json\/wp\/v2\/media\/10254"}],"wp:attachment":[{"href":"https:\/\/marcoslimma.com.br\/index.php\/wp-json\/wp\/v2\/media?parent=10253"}],"wp:term":[{"taxonomy":"category","embeddable":true,"href":"https:\/\/marcoslimma.com.br\/index.php\/wp-json\/wp\/v2\/categories?post=10253"},{"taxonomy":"post_tag","embeddable":true,"href":"https:\/\/marcoslimma.com.br\/index.php\/wp-json\/wp\/v2\/tags?post=10253"}],"curies":[{"name":"wp","href":"https:\/\/api.w.org\/{rel}","templated":true}]}}