{"id":10249,"date":"2026-02-04T20:05:10","date_gmt":"2026-02-04T23:05:10","guid":{"rendered":"https:\/\/marcoslimma.com.br\/?p=10249"},"modified":"2026-02-04T20:05:10","modified_gmt":"2026-02-04T23:05:10","slug":"nenhum-aluno-fora-da-escola-pedreiras-amplia-acoes-da-busca-ativa-escolar","status":"publish","type":"post","link":"https:\/\/marcoslimma.com.br\/index.php\/2026\/02\/04\/nenhum-aluno-fora-da-escola-pedreiras-amplia-acoes-da-busca-ativa-escolar\/","title":{"rendered":"Nenhum aluno fora da escola: Pedreiras amplia a\u00e7\u00f5es da Busca Ativa Escolar"},"content":{"rendered":"<p>&nbsp;<\/p>\n<p><img loading=\"lazy\" decoding=\"async\" class=\"alignnone size-large wp-image-10250\" src=\"https:\/\/marcoslimma.com.br\/wp-content\/uploads\/2026\/02\/00ddb60f-1a42-47a5-94e0-2bdc3f4da4c3-1024x1024.jpeg\" alt=\"\" width=\"1024\" height=\"1024\" srcset=\"https:\/\/marcoslimma.com.br\/wp-content\/uploads\/2026\/02\/00ddb60f-1a42-47a5-94e0-2bdc3f4da4c3-1024x1024.jpeg 1024w, https:\/\/marcoslimma.com.br\/wp-content\/uploads\/2026\/02\/00ddb60f-1a42-47a5-94e0-2bdc3f4da4c3-300x300.jpeg 300w, https:\/\/marcoslimma.com.br\/wp-content\/uploads\/2026\/02\/00ddb60f-1a42-47a5-94e0-2bdc3f4da4c3-150x150.jpeg 150w, https:\/\/marcoslimma.com.br\/wp-content\/uploads\/2026\/02\/00ddb60f-1a42-47a5-94e0-2bdc3f4da4c3-768x768.jpeg 768w, https:\/\/marcoslimma.com.br\/wp-content\/uploads\/2026\/02\/00ddb60f-1a42-47a5-94e0-2bdc3f4da4c3.jpeg 1280w\" sizes=\"auto, (max-width: 1024px) 100vw, 1024px\" \/><\/p>\n<p>A <strong>Prefeitura Municipal de Pedreiras<\/strong>, por meio da Secretaria Municipal de Educa\u00e7\u00e3o, realizou na manh\u00e3 desta quarta-feira, dia 4, a Busca Ativa Escolar de jovens, adolescentes e adultos que se encontram fora da escola. O munic\u00edpio, que j\u00e1 desenvolve um trabalho cont\u00ednuo de acompanhamento e incentivo \u00e0 perman\u00eancia dos alunos na rede de ensino, intensificou as a\u00e7\u00f5es com o objetivo de coibir a desist\u00eancia e a evas\u00e3o escolar.<\/p>\n<p>Durante a a\u00e7\u00e3o, equipes da Secretaria de Educa\u00e7\u00e3o estiveram em diversos bairros e tamb\u00e9m em locais de trabalho que concentram, em sua maioria, adolescentes e jovens, dialogando com a comunidade e levantando informa\u00e7\u00f5es sobre estudantes com baixa frequ\u00eancia ou que abandonaram os estudos. A iniciativa busca unir for\u00e7as entre poder p\u00fablico, fam\u00edlias e sociedade para identificar esses casos e garantir o direito \u00e0 educa\u00e7\u00e3o.<\/p>\n<p>Durante as visitas, a coordenadora <strong>Paula Dhayanne<\/strong> fez quest\u00e3o de conversar tamb\u00e9m com pessoas de idade mais avan\u00e7ada e, ali, destacou a import\u00e2ncia do retorno \u00e0 sala de aula por meio da Educa\u00e7\u00e3o de Jovens e Adultos (EJA), refor\u00e7ando que nunca \u00e9 tarde para aprender. Ela orientou sobre as oportunidades oferecidas pelo munic\u00edpio e incentivou esses cidad\u00e3os a retomarem os estudos, ressaltando que a educa\u00e7\u00e3o \u00e9 uma ferramenta fundamental para a transforma\u00e7\u00e3o social e a melhoria da qualidade de vida.<\/p>\n<p><strong>Paula Dhayanne<\/strong> refor\u00e7ou ainda a import\u00e2ncia da educa\u00e7\u00e3o como direito de todos e fez um convite especial \u00e0 comunidade de\u00a0 jovens e adultos que estejam fora da escola para procurarem a <strong>Unidade de Ensino Janoca Maciel<\/strong> para realizarem suas matr\u00edculas. Segundo ela, a escola est\u00e1 de portas abertas para acolher novos alunos, oferecendo um ambiente preparado, professores qualificados e modalidades que atendem diferentes faixas et\u00e1rias, e material did\u00e1tico gratuito, para a modalidade da Educa\u00e7\u00e3o de Jovens e Adultos (EJA).<\/p>\n<p>A coordenadora destacou ainda que a retomada dos estudos representa novas oportunidades de crescimento pessoal e profissional, ressaltando que a <strong>Prefeitura de Pedreiras<\/strong> segue empenhada em garantir acesso, perman\u00eancia e qualidade no ensino, reafirmando o compromisso de que nenhum aluno fique fora da escola no munic\u00edpio.<\/p>\n<p>A busca ativa escolar reafirma o compromisso da gest\u00e3o municipal com uma educa\u00e7\u00e3o inclusiva, acess\u00edvel e de qualidade, trabalhando para que nenhuma crian\u00e7a, adolescente, jovem ou adulto fique fora da escola em <strong>Pedreiras.<\/strong><\/p>\n","protected":false},"excerpt":{"rendered":"<p>&nbsp; A Prefeitura Municipal de Pedreiras, por meio da Secretaria Municipal de Educa\u00e7\u00e3o, realizou na manh\u00e3 desta quarta-feira, dia 4, a Busca Ativa Escolar de jovens, adolescentes e adultos que se encontram&hellip;<\/p>\n","protected":false},"author":2,"featured_media":10250,"comment_status":"open","ping_status":"open","sticky":false,"template":"","format":"standard","meta":{"footnotes":""},"categories":[1],"tags":[],"class_list":["post-10249","post","type-post","status-publish","format-standard","has-post-thumbnail","hentry","category-ultimas-noticias"],"_links":{"self":[{"href":"https:\/\/marcoslimma.com.br\/index.php\/wp-json\/wp\/v2\/posts\/10249","targetHints":{"allow":["GET"]}}],"collection":[{"href":"https:\/\/marcoslimma.com.br\/index.php\/wp-json\/wp\/v2\/posts"}],"about":[{"href":"https:\/\/marcoslimma.com.br\/index.php\/wp-json\/wp\/v2\/types\/post"}],"author":[{"embeddable":true,"href":"https:\/\/marcoslimma.com.br\/index.php\/wp-json\/wp\/v2\/users\/2"}],"replies":[{"embeddable":true,"href":"https:\/\/marcoslimma.com.br\/index.php\/wp-json\/wp\/v2\/comments?post=10249"}],"version-history":[{"count":1,"href":"https:\/\/marcoslimma.com.br\/index.php\/wp-json\/wp\/v2\/posts\/10249\/revisions"}],"predecessor-version":[{"id":10251,"href":"https:\/\/marcoslimma.com.br\/index.php\/wp-json\/wp\/v2\/posts\/10249\/revisions\/10251"}],"wp:featuredmedia":[{"embeddable":true,"href":"https:\/\/marcoslimma.com.br\/index.php\/wp-json\/wp\/v2\/media\/10250"}],"wp:attachment":[{"href":"https:\/\/marcoslimma.com.br\/index.php\/wp-json\/wp\/v2\/media?parent=10249"}],"wp:term":[{"taxonomy":"category","embeddable":true,"href":"https:\/\/marcoslimma.com.br\/index.php\/wp-json\/wp\/v2\/categories?post=10249"},{"taxonomy":"post_tag","embeddable":true,"href":"https:\/\/marcoslimma.com.br\/index.php\/wp-json\/wp\/v2\/tags?post=10249"}],"curies":[{"name":"wp","href":"https:\/\/api.w.org\/{rel}","templated":true}]}}