{"id":10246,"date":"2026-02-03T17:40:31","date_gmt":"2026-02-03T20:40:31","guid":{"rendered":"https:\/\/marcoslimma.com.br\/?p=10246"},"modified":"2026-02-03T17:40:31","modified_gmt":"2026-02-03T20:40:31","slug":"secretaria-de-meio-ambiente-resgata-animal-vitima-de-maus-tratos-em-pedreiras","status":"publish","type":"post","link":"https:\/\/marcoslimma.com.br\/index.php\/2026\/02\/03\/secretaria-de-meio-ambiente-resgata-animal-vitima-de-maus-tratos-em-pedreiras\/","title":{"rendered":"Secretaria de Meio Ambiente resgata animal v\u00edtima de maus-tratos em Pedreiras"},"content":{"rendered":"<p><img loading=\"lazy\" decoding=\"async\" class=\"alignnone size-large wp-image-10247\" src=\"https:\/\/marcoslimma.com.br\/wp-content\/uploads\/2026\/02\/e74128e3-8a76-4dba-b68d-62b3ebcbe047-1024x1024.jpeg\" alt=\"\" width=\"1024\" height=\"1024\" srcset=\"https:\/\/marcoslimma.com.br\/wp-content\/uploads\/2026\/02\/e74128e3-8a76-4dba-b68d-62b3ebcbe047-1024x1024.jpeg 1024w, https:\/\/marcoslimma.com.br\/wp-content\/uploads\/2026\/02\/e74128e3-8a76-4dba-b68d-62b3ebcbe047-300x300.jpeg 300w, https:\/\/marcoslimma.com.br\/wp-content\/uploads\/2026\/02\/e74128e3-8a76-4dba-b68d-62b3ebcbe047-150x150.jpeg 150w, https:\/\/marcoslimma.com.br\/wp-content\/uploads\/2026\/02\/e74128e3-8a76-4dba-b68d-62b3ebcbe047-768x768.jpeg 768w, https:\/\/marcoslimma.com.br\/wp-content\/uploads\/2026\/02\/e74128e3-8a76-4dba-b68d-62b3ebcbe047.jpeg 1280w\" sizes=\"auto, (max-width: 1024px) 100vw, 1024px\" \/><\/p>\n<p>Na tarde desta ter\u00e7a-feira, 3 de fevereiro de 2026, ap\u00f3s den\u00fancia, a Secretaria Municipal de Meio Ambiente de <strong>Pedreiras<\/strong> realizou o resgate de um animal encontrado em situa\u00e7\u00e3o grave de maus-tratos. A a\u00e7\u00e3o contou com o apoio do m\u00e9dico veterin\u00e1rio <strong>Robert Barroso<\/strong>, que realizou os primeiros procedimentos ainda no local. O animal foi resgatado e encaminhado para iniciar o tratamento veterin\u00e1rio.<\/p>\n<p>A Secretaria do Meio Ambiente agora trabalha na identifica\u00e7\u00e3o do tutor ou respons\u00e1vel pelo animal, que dever\u00e1 responder conforme a legisla\u00e7\u00e3o vigente.<\/p>\n","protected":false},"excerpt":{"rendered":"<p>Na tarde desta ter\u00e7a-feira, 3 de fevereiro de 2026, ap\u00f3s den\u00fancia, a Secretaria Municipal de Meio Ambiente de Pedreiras realizou o resgate de um animal encontrado em situa\u00e7\u00e3o grave de maus-tratos. A&hellip;<\/p>\n","protected":false},"author":2,"featured_media":10247,"comment_status":"open","ping_status":"open","sticky":false,"template":"","format":"standard","meta":{"footnotes":""},"categories":[1],"tags":[],"class_list":["post-10246","post","type-post","status-publish","format-standard","has-post-thumbnail","hentry","category-ultimas-noticias"],"_links":{"self":[{"href":"https:\/\/marcoslimma.com.br\/index.php\/wp-json\/wp\/v2\/posts\/10246","targetHints":{"allow":["GET"]}}],"collection":[{"href":"https:\/\/marcoslimma.com.br\/index.php\/wp-json\/wp\/v2\/posts"}],"about":[{"href":"https:\/\/marcoslimma.com.br\/index.php\/wp-json\/wp\/v2\/types\/post"}],"author":[{"embeddable":true,"href":"https:\/\/marcoslimma.com.br\/index.php\/wp-json\/wp\/v2\/users\/2"}],"replies":[{"embeddable":true,"href":"https:\/\/marcoslimma.com.br\/index.php\/wp-json\/wp\/v2\/comments?post=10246"}],"version-history":[{"count":1,"href":"https:\/\/marcoslimma.com.br\/index.php\/wp-json\/wp\/v2\/posts\/10246\/revisions"}],"predecessor-version":[{"id":10248,"href":"https:\/\/marcoslimma.com.br\/index.php\/wp-json\/wp\/v2\/posts\/10246\/revisions\/10248"}],"wp:featuredmedia":[{"embeddable":true,"href":"https:\/\/marcoslimma.com.br\/index.php\/wp-json\/wp\/v2\/media\/10247"}],"wp:attachment":[{"href":"https:\/\/marcoslimma.com.br\/index.php\/wp-json\/wp\/v2\/media?parent=10246"}],"wp:term":[{"taxonomy":"category","embeddable":true,"href":"https:\/\/marcoslimma.com.br\/index.php\/wp-json\/wp\/v2\/categories?post=10246"},{"taxonomy":"post_tag","embeddable":true,"href":"https:\/\/marcoslimma.com.br\/index.php\/wp-json\/wp\/v2\/tags?post=10246"}],"curies":[{"name":"wp","href":"https:\/\/api.w.org\/{rel}","templated":true}]}}