{"id":10188,"date":"2026-01-20T16:05:54","date_gmt":"2026-01-20T19:05:54","guid":{"rendered":"https:\/\/marcoslimma.com.br\/?p=10188"},"modified":"2026-01-20T16:05:54","modified_gmt":"2026-01-20T19:05:54","slug":"saude-de-pedreiras-avanca-e-conta-com-cirurgias-de-otorrinolaringologia","status":"publish","type":"post","link":"https:\/\/marcoslimma.com.br\/index.php\/2026\/01\/20\/saude-de-pedreiras-avanca-e-conta-com-cirurgias-de-otorrinolaringologia\/","title":{"rendered":"SA\u00daDE DE PEDREIRAS AVAN\u00c7A E CONTA COM CIRURGIAS DE OTORRINOLARINGOLOGIA."},"content":{"rendered":"<p><img loading=\"lazy\" decoding=\"async\" class=\"alignnone size-large wp-image-10189\" src=\"https:\/\/marcoslimma.com.br\/wp-content\/uploads\/2026\/01\/1efb931d-2786-4f8a-a4fc-c7bae6c3e5be-768x1024.jpeg\" alt=\"\" width=\"768\" height=\"1024\" srcset=\"https:\/\/marcoslimma.com.br\/wp-content\/uploads\/2026\/01\/1efb931d-2786-4f8a-a4fc-c7bae6c3e5be-768x1024.jpeg 768w, https:\/\/marcoslimma.com.br\/wp-content\/uploads\/2026\/01\/1efb931d-2786-4f8a-a4fc-c7bae6c3e5be-225x300.jpeg 225w, https:\/\/marcoslimma.com.br\/wp-content\/uploads\/2026\/01\/1efb931d-2786-4f8a-a4fc-c7bae6c3e5be.jpeg 960w\" sizes=\"auto, (max-width: 768px) 100vw, 768px\" \/><br \/>\nA sa\u00fade do munic\u00edpio avan\u00e7a com mais uma importante conquista. A partir de agora, a popula\u00e7\u00e3o passa a contar com atendimento especializado em otorrinolaringologia, e o que \u00e9 ainda mais significativo: cirurgias na \u00e1rea j\u00e1 s\u00e3o uma realidade.<\/p>\n<p>A chegada do m\u00e9dico otorrino representa um grande passo para a rede municipal de sa\u00fade, garantindo diagn\u00f3stico, acompanhamento e procedimentos cir\u00fargicos sem que os pacientes precisem se deslocar para outros centros. A iniciativa amplia o acesso a tratamentos de problemas relacionados ao ouvido, nariz e garganta, trazendo mais conforto, agilidade e qualidade de vida para a popula\u00e7\u00e3o.<\/p>\n<p>Essa conquista refor\u00e7a o compromisso da gest\u00e3o municipal com o fortalecimento da sa\u00fade p\u00fablica, investindo em profissionais qualificados e em servi\u00e7os que atendem \u00e0s reais necessidades da comunidade. Com mais esse avan\u00e7o, o munic\u00edpio segue promovendo cuidado, dignidade e bem-estar para todos.<\/p>\n","protected":false},"excerpt":{"rendered":"<p>A sa\u00fade do munic\u00edpio avan\u00e7a com mais uma importante conquista. A partir de agora, a popula\u00e7\u00e3o passa a contar com atendimento especializado em otorrinolaringologia, e o que \u00e9 ainda mais significativo: cirurgias&hellip;<\/p>\n","protected":false},"author":2,"featured_media":10189,"comment_status":"open","ping_status":"open","sticky":false,"template":"","format":"standard","meta":{"footnotes":""},"categories":[1],"tags":[],"class_list":["post-10188","post","type-post","status-publish","format-standard","has-post-thumbnail","hentry","category-ultimas-noticias"],"_links":{"self":[{"href":"https:\/\/marcoslimma.com.br\/index.php\/wp-json\/wp\/v2\/posts\/10188","targetHints":{"allow":["GET"]}}],"collection":[{"href":"https:\/\/marcoslimma.com.br\/index.php\/wp-json\/wp\/v2\/posts"}],"about":[{"href":"https:\/\/marcoslimma.com.br\/index.php\/wp-json\/wp\/v2\/types\/post"}],"author":[{"embeddable":true,"href":"https:\/\/marcoslimma.com.br\/index.php\/wp-json\/wp\/v2\/users\/2"}],"replies":[{"embeddable":true,"href":"https:\/\/marcoslimma.com.br\/index.php\/wp-json\/wp\/v2\/comments?post=10188"}],"version-history":[{"count":1,"href":"https:\/\/marcoslimma.com.br\/index.php\/wp-json\/wp\/v2\/posts\/10188\/revisions"}],"predecessor-version":[{"id":10190,"href":"https:\/\/marcoslimma.com.br\/index.php\/wp-json\/wp\/v2\/posts\/10188\/revisions\/10190"}],"wp:featuredmedia":[{"embeddable":true,"href":"https:\/\/marcoslimma.com.br\/index.php\/wp-json\/wp\/v2\/media\/10189"}],"wp:attachment":[{"href":"https:\/\/marcoslimma.com.br\/index.php\/wp-json\/wp\/v2\/media?parent=10188"}],"wp:term":[{"taxonomy":"category","embeddable":true,"href":"https:\/\/marcoslimma.com.br\/index.php\/wp-json\/wp\/v2\/categories?post=10188"},{"taxonomy":"post_tag","embeddable":true,"href":"https:\/\/marcoslimma.com.br\/index.php\/wp-json\/wp\/v2\/tags?post=10188"}],"curies":[{"name":"wp","href":"https:\/\/api.w.org\/{rel}","templated":true}]}}