{"id":10170,"date":"2026-01-12T14:38:00","date_gmt":"2026-01-12T17:38:00","guid":{"rendered":"https:\/\/marcoslimma.com.br\/?p=10170"},"modified":"2026-01-12T14:38:26","modified_gmt":"2026-01-12T17:38:26","slug":"prefeito-deibson-bale-recebe-novo-gerente-regional-da-caema-e-reforca-parceria-em-trizidela-do-vale","status":"publish","type":"post","link":"https:\/\/marcoslimma.com.br\/index.php\/2026\/01\/12\/prefeito-deibson-bale-recebe-novo-gerente-regional-da-caema-e-reforca-parceria-em-trizidela-do-vale\/","title":{"rendered":"Prefeito Deibson Bal\u00e9 recebe novo gerente regional da CAEMA e refor\u00e7a parceria em Trizidela do Vale"},"content":{"rendered":"\n<p><em>Prefeito Deibson Bal\u00e9 recebe novo gerente regional da CAEMA e refor\u00e7a parceria para solucionar abastecimento de \u00e1gua<\/em><\/p>\n\n\n\n<p><\/p>\n\n\n\n<figure class=\"wp-block-image size-large\"><img loading=\"lazy\" decoding=\"async\" width=\"1024\" height=\"768\" src=\"https:\/\/marcoslimma.com.br\/wp-content\/uploads\/2026\/01\/img-20260112-wa04991694833232909009642-1024x768.jpg\" alt=\"\" class=\"wp-image-10168\" srcset=\"https:\/\/marcoslimma.com.br\/wp-content\/uploads\/2026\/01\/img-20260112-wa04991694833232909009642-1024x768.jpg 1024w, https:\/\/marcoslimma.com.br\/wp-content\/uploads\/2026\/01\/img-20260112-wa04991694833232909009642-300x225.jpg 300w, https:\/\/marcoslimma.com.br\/wp-content\/uploads\/2026\/01\/img-20260112-wa04991694833232909009642-768x576.jpg 768w, https:\/\/marcoslimma.com.br\/wp-content\/uploads\/2026\/01\/img-20260112-wa04991694833232909009642.jpg 1280w\" sizes=\"auto, (max-width: 1024px) 100vw, 1024px\" \/><\/figure>\n\n\n\n<p>O prefeito de Trizidela do Vale, Deibson Bal\u00e9, recebeu oficialmente o novo gerente regional da CAEMA na Regional de Pedreiras, Jos\u00e9 Fernando Castro. O encontro contou com a presen\u00e7a de vereadores, secret\u00e1rios municipais e equipes t\u00e9cnicas, marcando um momento de alinhamento institucional e fortalecimento da parceria entre Munic\u00edpio e Estado.<\/p>\n\n\n\n<p>Durante a reuni\u00e3o, foram discutidas a\u00e7\u00f5es em andamento e novos encaminhamentos voltados \u00e0 melhoria do sistema de abastecimento de \u00e1gua, com destaque para a amplia\u00e7\u00e3o da Esta\u00e7\u00e3o de Tratamento de \u00c1gua (ETA), obra que ir\u00e1 dobrar a capacidade de produ\u00e7\u00e3o e beneficiar milhares de fam\u00edlias do munic\u00edpio.<\/p>\n\n\n\n<p>O prefeito Deibson Bal\u00e9 destacou que a recep\u00e7\u00e3o ao novo gerente regional representa um passo importante para avan\u00e7ar nas solu\u00e7\u00f5es estruturantes.<\/p>\n\n\n\n<p>\u201cRecebemos o novo gerente da CAEMA com esp\u00edrito de di\u00e1logo e parceria. Desde o in\u00edcio da nossa gest\u00e3o, n\u00e3o temos medido esfor\u00e7os para buscar solu\u00e7\u00f5es definitivas para o abastecimento de \u00e1gua. Essa uni\u00e3o entre Prefeitura, CAEMA, Governo do Estado e C\u00e2mara Municipal \u00e9 fundamental para garantir \u00e1gua de qualidade na casa de todos os trizidelenses\u201d, afirmou o prefeito.<\/p>\n\n\n\n<p>O gerente regional Jos\u00e9 Fernando Castro ressaltou o compromisso da CAEMA com o munic\u00edpio e a import\u00e2ncia da colabora\u00e7\u00e3o da popula\u00e7\u00e3o.<\/p>\n\n\n\n<p>\u201cNossa miss\u00e3o \u00e9 ampliar a oferta de \u00e1gua e melhorar a regularidade do abastecimento. A duplica\u00e7\u00e3o da ETA \u00e9 um passo decisivo, mas tamb\u00e9m \u00e9 essencial o uso consciente da \u00e1gua e a reserva\u00e7\u00e3o adequada em cada im\u00f3vel, para que o sistema funcione melhor e alcance todos os bairros\u201d, declarou.<\/p>\n\n\n\n<p>J\u00e1 o presidente da C\u00e2mara Municipal, Corr\u00f3, enfatizou a uni\u00e3o dos poderes em defesa da popula\u00e7\u00e3o.<\/p>\n\n\n\n<p>\u201cA C\u00e2mara est\u00e1 unida e atuante. Estamos cobrando com responsabilidade para que essa amplia\u00e7\u00e3o da ETA aconte\u00e7a e resolva de vez o problema da falta de \u00e1gua. Quando todos caminham juntos, quem ganha \u00e9 a popula\u00e7\u00e3o\u201d, disse.<\/p>\n\n\n\n<p>A gest\u00e3o municipal reafirmou que seguir\u00e1 acompanhando de perto cada etapa das obras e a\u00e7\u00f5es planejadas, mantendo o di\u00e1logo constante com a CAEMA e o Governo do Estado, com o objetivo de transformar o abastecimento de \u00e1gua em uma realidade permanente para todas as fam\u00edlias de Trizidela do Vale.<\/p>\n","protected":false},"excerpt":{"rendered":"<p>Prefeito Deibson Bal\u00e9 recebe novo gerente regional da CAEMA e refor\u00e7a parceria para solucionar abastecimento de \u00e1gua O prefeito de Trizidela do Vale, Deibson Bal\u00e9, recebeu oficialmente o novo gerente regional da&hellip;<\/p>\n","protected":false},"author":2,"featured_media":10169,"comment_status":"open","ping_status":"open","sticky":false,"template":"","format":"standard","meta":{"footnotes":""},"categories":[1],"tags":[],"class_list":["post-10170","post","type-post","status-publish","format-standard","has-post-thumbnail","hentry","category-ultimas-noticias"],"_links":{"self":[{"href":"https:\/\/marcoslimma.com.br\/index.php\/wp-json\/wp\/v2\/posts\/10170","targetHints":{"allow":["GET"]}}],"collection":[{"href":"https:\/\/marcoslimma.com.br\/index.php\/wp-json\/wp\/v2\/posts"}],"about":[{"href":"https:\/\/marcoslimma.com.br\/index.php\/wp-json\/wp\/v2\/types\/post"}],"author":[{"embeddable":true,"href":"https:\/\/marcoslimma.com.br\/index.php\/wp-json\/wp\/v2\/users\/2"}],"replies":[{"embeddable":true,"href":"https:\/\/marcoslimma.com.br\/index.php\/wp-json\/wp\/v2\/comments?post=10170"}],"version-history":[{"count":1,"href":"https:\/\/marcoslimma.com.br\/index.php\/wp-json\/wp\/v2\/posts\/10170\/revisions"}],"predecessor-version":[{"id":10171,"href":"https:\/\/marcoslimma.com.br\/index.php\/wp-json\/wp\/v2\/posts\/10170\/revisions\/10171"}],"wp:featuredmedia":[{"embeddable":true,"href":"https:\/\/marcoslimma.com.br\/index.php\/wp-json\/wp\/v2\/media\/10169"}],"wp:attachment":[{"href":"https:\/\/marcoslimma.com.br\/index.php\/wp-json\/wp\/v2\/media?parent=10170"}],"wp:term":[{"taxonomy":"category","embeddable":true,"href":"https:\/\/marcoslimma.com.br\/index.php\/wp-json\/wp\/v2\/categories?post=10170"},{"taxonomy":"post_tag","embeddable":true,"href":"https:\/\/marcoslimma.com.br\/index.php\/wp-json\/wp\/v2\/tags?post=10170"}],"curies":[{"name":"wp","href":"https:\/\/api.w.org\/{rel}","templated":true}]}}